{"id":35633,"date":"2026-05-02T08:00:51","date_gmt":"2026-05-02T13:00:51","guid":{"rendered":"https:\/\/yuconsulting.mx\/?p=35633"},"modified":"2026-05-03T04:11:31","modified_gmt":"2026-05-03T04:11:31","slug":"aumento-salarial-es-historico-ricardo-monreal","status":"publish","type":"post","link":"https:\/\/yuconsulting.mx\/?p=35633","title":{"rendered":"Aumento salarial es hist\u00f3rico: Ricardo Monreal"},"content":{"rendered":"<p>\ud83d\udd38 El legislador afirm\u00f3 que avances como el aumento de m\u00e1s del 150 por ciento en el salario m\u00ednimo han sido posibles gracias al respaldo del Congreso de la Uni\u00f3n..<\/p>\n<p>#CDMX | Las mejoras en las condiciones de los trabajadores en M\u00e9xico son \u201chist\u00f3ricas\u201d, tal y como lo destac\u00f3 la Presidenta de la Rep\u00fablica, afirm\u00f3 el l\u00edder parlamentario del Movimiento de Regeneraci\u00f3n Nacional (Morena) en la C\u00e1mara de Diputados, Ricardo Monreal.<\/p>\n<p>En el marco de la conmemoraci\u00f3n del D\u00eda del Trabajo y en redes sociales, el legislador afirm\u00f3 que avances como el aumento de m\u00e1s del 150 por ciento en el salario m\u00ednimo han sido posibles gracias al respaldo del Congreso de la Uni\u00f3n.<\/p>\n<p>Lo anterior, en sincronizaci\u00f3n con el discurso de la mandataria federal emitido el 01 de mayo.<\/p>\n<p>\u201cHoy, 01 de mayo, conmemoramos el #D\u00edaDelTrabajo, reafirmando nuestro compromiso de seguir trabajando por el bienestar de M\u00e9xico. En su conferencia matutina, la Presidenta @ClaudiaShein destac\u00f3 avances hist\u00f3ricos: un incremento real del 154 % al salario m\u00ednimo y la recuperaci\u00f3n de derechos laborales. Estos logros han sido posibles con el respaldo del Poder Legislativo. Seguiremos impulsando iniciativas en favor de las y los trabajadores\u201d, expres\u00f3 en su cuenta en la red social X, antes Twitter, @RicardoMonrealA.<\/p>\n<p>En tanto, desde la cuenta oficial en la red X de la C\u00e1mara, @Mx_Diputados, tambi\u00e9n se hizo un breve recuento de reformas en materia laboral aprobadas en lo que va de la Legislatura.<\/p>\n<p>En la #C\u00e1maraDeDiputados aprobamos reformas que benefician a las y los mexicanos: incrementamos los d\u00edas de vacaciones, redujimos la jornada laboral de 48 a 40 horas a la semana, y aprobamos la Ley Silla. Hoy en el D\u00eda del Trabajo reafirmamos nuestro compromiso para fortalecer los derechos de las y los trabajadores. #LXVILegislatura\u201d, se enfatiz\u00f3 desde las v\u00edas de comunicaci\u00f3n digital en el recinto parlamentario.<\/p>\n<p>#Aumento #Salario #M\u00ednimo #Hist\u00f3rico #RicardoMonreal<\/p>\n","protected":false},"excerpt":{"rendered":"<p>\ud83d\udd38 El legislador afirm\u00f3 que avances como el aumento de m\u00e1s del 150 por ciento&#8230;<\/p>\n","protected":false},"author":1,"featured_media":35635,"comment_status":"open","ping_status":"closed","sticky":false,"template":"","format":"standard","meta":{"footnotes":""},"categories":[43,4],"tags":[],"class_list":["post-35633","post","type-post","status-publish","format-standard","has-post-thumbnail","hentry","category-cdmx","category-nacional"],"_links":{"self":[{"href":"https:\/\/yuconsulting.mx\/index.php?rest_route=\/wp\/v2\/posts\/35633","targetHints":{"allow":["GET"]}}],"collection":[{"href":"https:\/\/yuconsulting.mx\/index.php?rest_route=\/wp\/v2\/posts"}],"about":[{"href":"https:\/\/yuconsulting.mx\/index.php?rest_route=\/wp\/v2\/types\/post"}],"author":[{"embeddable":true,"href":"https:\/\/yuconsulting.mx\/index.php?rest_route=\/wp\/v2\/users\/1"}],"replies":[{"embeddable":true,"href":"https:\/\/yuconsulting.mx\/index.php?rest_route=%2Fwp%2Fv2%2Fcomments&post=35633"}],"version-history":[{"count":1,"href":"https:\/\/yuconsulting.mx\/index.php?rest_route=\/wp\/v2\/posts\/35633\/revisions"}],"predecessor-version":[{"id":35634,"href":"https:\/\/yuconsulting.mx\/index.php?rest_route=\/wp\/v2\/posts\/35633\/revisions\/35634"}],"wp:featuredmedia":[{"embeddable":true,"href":"https:\/\/yuconsulting.mx\/index.php?rest_route=\/wp\/v2\/media\/35635"}],"wp:attachment":[{"href":"https:\/\/yuconsulting.mx\/index.php?rest_route=%2Fwp%2Fv2%2Fmedia&parent=35633"}],"wp:term":[{"taxonomy":"category","embeddable":true,"href":"https:\/\/yuconsulting.mx\/index.php?rest_route=%2Fwp%2Fv2%2Fcategories&post=35633"},{"taxonomy":"post_tag","embeddable":true,"href":"https:\/\/yuconsulting.mx\/index.php?rest_route=%2Fwp%2Fv2%2Ftags&post=35633"}],"curies":[{"name":"wp","href":"https:\/\/api.w.org\/{rel}","templated":true}]}}